{"id":143,"date":"2023-08-28T10:06:04","date_gmt":"2023-08-28T13:06:04","guid":{"rendered":"https:\/\/blog.cortinacortina.com.br\/?p=143"},"modified":"2023-08-28T10:07:01","modified_gmt":"2023-08-28T13:07:01","slug":"corta-luz-de-pvc-2","status":"publish","type":"post","link":"https:\/\/blog.cortinacortina.com.br\/?p=143","title":{"rendered":"Corta Luz de Pvc"},"content":{"rendered":"\n<p>O Corta Luz de Pvc \u00e9 perfeito para ser instalado em ambientes com muita luminosidade, como salas e quartos. Esse produto \u00e9 feito de pl\u00e1stico de PVC bastante espesso, onde o mesmo tem o diferencial de vedar 100% da luz do ambiente.&nbsp;<\/p>\n\n\n\n<figure class=\"wp-block-gallery has-nested-images columns-default is-cropped wp-block-gallery-1 is-layout-flex wp-block-gallery-is-layout-flex\">\n<figure class=\"wp-block-image size-large\"><img decoding=\"async\" loading=\"lazy\" width=\"721\" height=\"1024\" data-id=\"147\" src=\"https:\/\/blog.cortinacortina.com.br\/wp-content\/uploads\/2023\/08\/Cortina-trilho-marka-textil-branca-1-721x1024.jpg\" alt=\"\" class=\"wp-image-147\" srcset=\"https:\/\/blog.cortinacortina.com.br\/wp-content\/uploads\/2023\/08\/Cortina-trilho-marka-textil-branca-1-721x1024.jpg 721w, https:\/\/blog.cortinacortina.com.br\/wp-content\/uploads\/2023\/08\/Cortina-trilho-marka-textil-branca-1-211x300.jpg 211w, https:\/\/blog.cortinacortina.com.br\/wp-content\/uploads\/2023\/08\/Cortina-trilho-marka-textil-branca-1-768x1091.jpg 768w, https:\/\/blog.cortinacortina.com.br\/wp-content\/uploads\/2023\/08\/Cortina-trilho-marka-textil-branca-1-350x497.jpg 350w, https:\/\/blog.cortinacortina.com.br\/wp-content\/uploads\/2023\/08\/Cortina-trilho-marka-textil-branca-1-800x1136.jpg 800w, https:\/\/blog.cortinacortina.com.br\/wp-content\/uploads\/2023\/08\/Cortina-trilho-marka-textil-branca-1.jpg 1000w\" sizes=\"(max-width: 721px) 100vw, 721px\" \/><\/figure>\n<\/figure>\n\n\n\n<p>Al\u00e9m da qualidade de veda\u00e7\u00e3o, o seu custo \u00e9 bem menor ao comparado com os de tecidos. . S\u00e3o confeccionados em argolas, ilhoses ou rod\u00edzios, com essa variedade de modelos e cores, voc\u00ea pode escolher o que mais se enquadra no seu ambiente.<\/p>\n\n\n\n<figure class=\"wp-block-gallery has-nested-images columns-default is-cropped wp-block-gallery-3 is-layout-flex wp-block-gallery-is-layout-flex\"><\/figure>\n\n\n\n<figure class=\"wp-block-gallery has-nested-images columns-default is-cropped wp-block-gallery-5 is-layout-flex wp-block-gallery-is-layout-flex\">\n<figure class=\"wp-block-image size-large\"><img decoding=\"async\" loading=\"lazy\" width=\"1000\" height=\"1002\" data-id=\"122\" src=\"https:\/\/blog.cortinacortina.com.br\/wp-content\/uploads\/2021\/09\/Corta-Luz-Rodizio-Bege-1.jpg\" alt=\"\" class=\"wp-image-122\" srcset=\"https:\/\/blog.cortinacortina.com.br\/wp-content\/uploads\/2021\/09\/Corta-Luz-Rodizio-Bege-1.jpg 1000w, https:\/\/blog.cortinacortina.com.br\/wp-content\/uploads\/2021\/09\/Corta-Luz-Rodizio-Bege-1-300x300.jpg 300w, https:\/\/blog.cortinacortina.com.br\/wp-content\/uploads\/2021\/09\/Corta-Luz-Rodizio-Bege-1-150x150.jpg 150w, https:\/\/blog.cortinacortina.com.br\/wp-content\/uploads\/2021\/09\/Corta-Luz-Rodizio-Bege-1-768x770.jpg 768w, https:\/\/blog.cortinacortina.com.br\/wp-content\/uploads\/2021\/09\/Corta-Luz-Rodizio-Bege-1-350x351.jpg 350w, https:\/\/blog.cortinacortina.com.br\/wp-content\/uploads\/2021\/09\/Corta-Luz-Rodizio-Bege-1-800x802.jpg 800w, https:\/\/blog.cortinacortina.com.br\/wp-content\/uploads\/2021\/09\/Corta-Luz-Rodizio-Bege-1-560x560.jpg 560w\" sizes=\"(max-width: 1000px) 100vw, 1000px\" \/><\/figure>\n<\/figure>\n\n\n\n<p>Para pessoas com doen\u00e7as respirat\u00f3rias ele \u00e9 ideal, pois pode ser higienizado facilmente, d\u00e1 seguinte forma: Umede\u00e7a um pano com \u00e1lcool e passe por toda cortina.<\/p>\n\n\n\n<figure class=\"wp-block-image size-full\"><img decoding=\"async\" loading=\"lazy\" width=\"1000\" height=\"1000\" src=\"https:\/\/blog.cortinacortina.com.br\/wp-content\/uploads\/2021\/09\/Cortina-Blackout-Corta-Luz-Pvc-para-Varao-com-ilhos-4.jpg\" alt=\"\" class=\"wp-image-119\" srcset=\"https:\/\/blog.cortinacortina.com.br\/wp-content\/uploads\/2021\/09\/Cortina-Blackout-Corta-Luz-Pvc-para-Varao-com-ilhos-4.jpg 1000w, https:\/\/blog.cortinacortina.com.br\/wp-content\/uploads\/2021\/09\/Cortina-Blackout-Corta-Luz-Pvc-para-Varao-com-ilhos-4-300x300.jpg 300w, https:\/\/blog.cortinacortina.com.br\/wp-content\/uploads\/2021\/09\/Cortina-Blackout-Corta-Luz-Pvc-para-Varao-com-ilhos-4-150x150.jpg 150w, https:\/\/blog.cortinacortina.com.br\/wp-content\/uploads\/2021\/09\/Cortina-Blackout-Corta-Luz-Pvc-para-Varao-com-ilhos-4-768x768.jpg 768w, https:\/\/blog.cortinacortina.com.br\/wp-content\/uploads\/2021\/09\/Cortina-Blackout-Corta-Luz-Pvc-para-Varao-com-ilhos-4-350x350.jpg 350w, https:\/\/blog.cortinacortina.com.br\/wp-content\/uploads\/2021\/09\/Cortina-Blackout-Corta-Luz-Pvc-para-Varao-com-ilhos-4-800x800.jpg 800w, https:\/\/blog.cortinacortina.com.br\/wp-content\/uploads\/2021\/09\/Cortina-Blackout-Corta-Luz-Pvc-para-Varao-com-ilhos-4-560x560.jpg 560w\" sizes=\"(max-width: 1000px) 100vw, 1000px\" \/><\/figure>\n\n\n\n<p> <\/p>\n\n\n\n<p>Aqui est\u00e3o algumas caracter\u00edsticas e benef\u00edcios das cortinas de PVC:<\/p>\n\n\n\n<ol>\n<li><strong>Isolamento T\u00e9rmico e Ac\u00fastico:<\/strong> As cortinas de PVC podem ajudar a isolar o ambiente, tanto termicamente quanto acusticamente. Elas atuam como uma barreira contra mudan\u00e7as de temperatura, mantendo o ar quente ou frio no interior. <\/li>\n\n\n\n<li><strong>Higiene:<\/strong> As cortinas de PVC s\u00e3o f\u00e1ceis de limpar e higienizar.<\/li>\n\n\n\n<li><strong>Instala\u00e7\u00e3o Simples:<\/strong> Geralmente, as cortinas de PVC s\u00e3o f\u00e1ceis de instalar e podem ser suspensas em trilhos ou suportes, tornando o processo de montagem mais r\u00e1pido.<\/li>\n\n\n\n<li><strong>Salas de Varanda:<\/strong> Se voc\u00ea tem uma varanda ou \u00e1rea de lazer que deseja proteger dos elementos externos, cortinas de PVC podem ser usadas para criar um espa\u00e7o protegido sem comprometer a visibilidade.<\/li>\n<\/ol>\n\n\n\n<p>Gostou das dicas? Ent\u00e3o compartilhe com seus amigos e familiares. E para conhecer mais sobre cortinas ou adquirir acesse nossa loja &#8211; <a href=\"http:\/\/www.cortinacortina.com.br\" data-type=\"URL\" data-id=\"www.cortinacortina.com.br\">www.cortinacortina.com.br<\/a><\/p>\n\n\n\n<p>At\u00e9 mais.<\/p>\n","protected":false},"excerpt":{"rendered":"<p>O Corta Luz de Pvc \u00e9 perfeito para ser instalado em ambientes com muita luminosidade, como salas e quartos. Esse produto \u00e9 feito de pl\u00e1stico de PVC bastante espesso, onde o mesmo tem o diferencial de vedar 100% da luz do ambiente.&nbsp; Al\u00e9m da qualidade de veda\u00e7\u00e3o, o seu custo \u00e9 bem menor ao comparado [&hellip;]<\/p>\n","protected":false},"author":2,"featured_media":147,"comment_status":"open","ping_status":"open","sticky":false,"template":"","format":"standard","meta":{"footnotes":""},"categories":[5],"tags":[27,21,30,25,23,22,20],"acf":[],"_links":{"self":[{"href":"https:\/\/blog.cortinacortina.com.br\/index.php?rest_route=\/wp\/v2\/posts\/143"}],"collection":[{"href":"https:\/\/blog.cortinacortina.com.br\/index.php?rest_route=\/wp\/v2\/posts"}],"about":[{"href":"https:\/\/blog.cortinacortina.com.br\/index.php?rest_route=\/wp\/v2\/types\/post"}],"author":[{"embeddable":true,"href":"https:\/\/blog.cortinacortina.com.br\/index.php?rest_route=\/wp\/v2\/users\/2"}],"replies":[{"embeddable":true,"href":"https:\/\/blog.cortinacortina.com.br\/index.php?rest_route=%2Fwp%2Fv2%2Fcomments&post=143"}],"version-history":[{"count":3,"href":"https:\/\/blog.cortinacortina.com.br\/index.php?rest_route=\/wp\/v2\/posts\/143\/revisions"}],"predecessor-version":[{"id":149,"href":"https:\/\/blog.cortinacortina.com.br\/index.php?rest_route=\/wp\/v2\/posts\/143\/revisions\/149"}],"wp:featuredmedia":[{"embeddable":true,"href":"https:\/\/blog.cortinacortina.com.br\/index.php?rest_route=\/wp\/v2\/media\/147"}],"wp:attachment":[{"href":"https:\/\/blog.cortinacortina.com.br\/index.php?rest_route=%2Fwp%2Fv2%2Fmedia&parent=143"}],"wp:term":[{"taxonomy":"category","embeddable":true,"href":"https:\/\/blog.cortinacortina.com.br\/index.php?rest_route=%2Fwp%2Fv2%2Fcategories&post=143"},{"taxonomy":"post_tag","embeddable":true,"href":"https:\/\/blog.cortinacortina.com.br\/index.php?rest_route=%2Fwp%2Fv2%2Ftags&post=143"}],"curies":[{"name":"wp","href":"https:\/\/api.w.org\/{rel}","templated":true}]}}