{"id":151,"date":"2023-08-30T10:09:23","date_gmt":"2023-08-30T13:09:23","guid":{"rendered":"https:\/\/blog.cortinacortina.com.br\/?p=151"},"modified":"2023-08-30T10:11:35","modified_gmt":"2023-08-30T13:11:35","slug":"qual-tamanho-de-cortina-escolher","status":"publish","type":"post","link":"https:\/\/blog.cortinacortina.com.br\/?p=151","title":{"rendered":"Qual tamanho de Cortina escolher?"},"content":{"rendered":"\n<p>Na hora de adquirir uma Cortina Pronta, sempre ficamos na d\u00favida de qual \u00e9 tamanho ideal!<\/p>\n\n\n\n<p>Para escolher o tamanho correto da sua cortina, alguns fatores devem ser considerados, como:  <\/p>\n\n\n\n<ul>\n<li>Estilo da Cortina<\/li>\n\n\n\n<li>Curta ou Longa<\/li>\n\n\n\n<li>Altura do Teto<\/li>\n<\/ul>\n\n\n\n<p>Se voc\u00ea deseja uma cortina que ocupe toda a dimens\u00e3o, deve medir a altura do teto ao ch\u00e3o, e largura da  parede total da parede ou porta.<\/p>\n\n\n\n<p>J\u00e1 se sua prefer\u00eancia \u00e9 uma cortina curta, me\u00e7a 15 cm acima, abaixo da janela. Para saber a medida da largura, use a mesma dica, passando 15cm de cada lado.<\/p>\n\n\n\n<p>Lembre-se de que essas s\u00e3o diretrizes gerais e que o tamanho ideal pode variar de acordo com o seu gosto pessoal e o design do espa\u00e7o. <\/p>\n\n\n\n<p>Para facilitar a sua escolhe, preparamos um v\u00eddeo com muitas dicas!<\/p>\n\n\n\n<figure class=\"wp-block-embed is-type-video is-provider-youtube wp-block-embed-youtube wp-embed-aspect-16-9 wp-has-aspect-ratio\"><div class=\"wp-block-embed__wrapper\">\n<div class=\"video_embed clearfix\"><div class=\"video_embed clearfix\"><iframe loading=\"lazy\" title=\"Tamanho ideal de cortina\" width=\"500\" height=\"281\" src=\"https:\/\/www.youtube.com\/embed\/8IuZdKtne4s?start=3&#038;feature=oembed\" frameborder=\"0\" allow=\"accelerometer; autoplay; clipboard-write; encrypted-media; gyroscope; picture-in-picture; web-share\" allowfullscreen><\/iframe><\/div><\/div>\n<\/div><\/figure>\n\n\n\n<figure class=\"wp-block-gallery has-nested-images columns-default is-cropped wp-block-gallery-1 is-layout-flex wp-block-gallery-is-layout-flex\"><\/figure>\n\n\n\n\n\n<p>Gostou das dicas? Ent\u00e3o compartilhe com seus amigos e familiares. E para conhecer mais sobre cortinas ou adquirir acesse nossa loja &#8211; <a href=\"http:\/\/www.cortinacortina.com.br\" data-type=\"URL\" data-id=\"www.cortinacortina.com.br\">www.cortinacortina.com.br<\/a><\/p>\n\n\n\n<p>At\u00e9 mais.<\/p>\n","protected":false},"excerpt":{"rendered":"<p>Na hora de adquirir uma Cortina Pronta, sempre ficamos na d\u00favida de qual \u00e9 tamanho ideal! Para escolher o tamanho correto da sua cortina, alguns fatores devem ser considerados, como: Se voc\u00ea deseja uma cortina que ocupe toda a dimens\u00e3o, deve medir a altura do teto ao ch\u00e3o, e largura da parede total da parede [&hellip;]<\/p>\n","protected":false},"author":2,"featured_media":138,"comment_status":"open","ping_status":"open","sticky":false,"template":"","format":"standard","meta":{"footnotes":""},"categories":[9,5],"tags":[27,21,30,25,23,22,24],"acf":[],"_links":{"self":[{"href":"https:\/\/blog.cortinacortina.com.br\/index.php?rest_route=\/wp\/v2\/posts\/151"}],"collection":[{"href":"https:\/\/blog.cortinacortina.com.br\/index.php?rest_route=\/wp\/v2\/posts"}],"about":[{"href":"https:\/\/blog.cortinacortina.com.br\/index.php?rest_route=\/wp\/v2\/types\/post"}],"author":[{"embeddable":true,"href":"https:\/\/blog.cortinacortina.com.br\/index.php?rest_route=\/wp\/v2\/users\/2"}],"replies":[{"embeddable":true,"href":"https:\/\/blog.cortinacortina.com.br\/index.php?rest_route=%2Fwp%2Fv2%2Fcomments&post=151"}],"version-history":[{"count":3,"href":"https:\/\/blog.cortinacortina.com.br\/index.php?rest_route=\/wp\/v2\/posts\/151\/revisions"}],"predecessor-version":[{"id":162,"href":"https:\/\/blog.cortinacortina.com.br\/index.php?rest_route=\/wp\/v2\/posts\/151\/revisions\/162"}],"wp:featuredmedia":[{"embeddable":true,"href":"https:\/\/blog.cortinacortina.com.br\/index.php?rest_route=\/wp\/v2\/media\/138"}],"wp:attachment":[{"href":"https:\/\/blog.cortinacortina.com.br\/index.php?rest_route=%2Fwp%2Fv2%2Fmedia&parent=151"}],"wp:term":[{"taxonomy":"category","embeddable":true,"href":"https:\/\/blog.cortinacortina.com.br\/index.php?rest_route=%2Fwp%2Fv2%2Fcategories&post=151"},{"taxonomy":"post_tag","embeddable":true,"href":"https:\/\/blog.cortinacortina.com.br\/index.php?rest_route=%2Fwp%2Fv2%2Ftags&post=151"}],"curies":[{"name":"wp","href":"https:\/\/api.w.org\/{rel}","templated":true}]}}