{"id":155,"date":"2023-09-14T09:45:42","date_gmt":"2023-09-14T12:45:42","guid":{"rendered":"https:\/\/blog.cortinacortina.com.br\/?p=155"},"modified":"2023-09-14T09:52:08","modified_gmt":"2023-09-14T12:52:08","slug":"modelos-de-cortinas","status":"publish","type":"post","link":"https:\/\/blog.cortinacortina.com.br\/?p=155","title":{"rendered":"Modelos de Cortinas"},"content":{"rendered":"\n<p>Sempre fica a d\u00favida na hora de escolher o modelo correto da sua Cortina. <\/p>\n\n\n\n<p>Hoje queremos simplificar para voc\u00ea e te ajudar a escolher o modelo certo.<\/p>\n\n\n\n<p>Existem 2 tipos de Cortinas: com ilh\u00f3ses e com deslizantes.<\/p>\n\n\n\n<p><strong>Cortina com Ilh\u00f3ses<\/strong><\/p>\n\n\n\n<p>As Cortinas com ilh\u00f3ses podem serem instaladas em qualquer tipo de ambiente, s\u00e3o pr\u00e1ticas e nunca caem de moda, e com f\u00e1cil manuten\u00e7\u00e3o.<\/p>\n\n\n\n<p>O modelo com ilh\u00f3s corre facilmente no var\u00e3o, e voc\u00ea pode escolher a cor e espessura que mais combine com o seu ambiente, super vers\u00e1til.<\/p>\n\n\n\n<p><\/p>\n\n\n\n<figure class=\"wp-block-image size-full\"><img decoding=\"async\" loading=\"lazy\" width=\"1000\" height=\"1000\" src=\"https:\/\/blog.cortinacortina.com.br\/wp-content\/uploads\/2021\/09\/Duplex-e-Duo-Monaco-Marfim-2.jpg\" alt=\"\" class=\"wp-image-127\" srcset=\"https:\/\/blog.cortinacortina.com.br\/wp-content\/uploads\/2021\/09\/Duplex-e-Duo-Monaco-Marfim-2.jpg 1000w, https:\/\/blog.cortinacortina.com.br\/wp-content\/uploads\/2021\/09\/Duplex-e-Duo-Monaco-Marfim-2-300x300.jpg 300w, https:\/\/blog.cortinacortina.com.br\/wp-content\/uploads\/2021\/09\/Duplex-e-Duo-Monaco-Marfim-2-150x150.jpg 150w, https:\/\/blog.cortinacortina.com.br\/wp-content\/uploads\/2021\/09\/Duplex-e-Duo-Monaco-Marfim-2-768x768.jpg 768w, https:\/\/blog.cortinacortina.com.br\/wp-content\/uploads\/2021\/09\/Duplex-e-Duo-Monaco-Marfim-2-350x350.jpg 350w, https:\/\/blog.cortinacortina.com.br\/wp-content\/uploads\/2021\/09\/Duplex-e-Duo-Monaco-Marfim-2-800x800.jpg 800w, https:\/\/blog.cortinacortina.com.br\/wp-content\/uploads\/2021\/09\/Duplex-e-Duo-Monaco-Marfim-2-560x560.jpg 560w\" sizes=\"(max-width: 1000px) 100vw, 1000px\" \/><\/figure>\n\n\n\n<p><\/p>\n\n\n\n<figure class=\"wp-block-image size-full\"><img decoding=\"async\" loading=\"lazy\" width=\"802\" height=\"608\" src=\"https:\/\/blog.cortinacortina.com.br\/wp-content\/uploads\/2021\/04\/cortinas-cortina-modelo-ilhos-p-1604598779291.jpg\" alt=\"\" class=\"wp-image-70\" srcset=\"https:\/\/blog.cortinacortina.com.br\/wp-content\/uploads\/2021\/04\/cortinas-cortina-modelo-ilhos-p-1604598779291.jpg 802w, https:\/\/blog.cortinacortina.com.br\/wp-content\/uploads\/2021\/04\/cortinas-cortina-modelo-ilhos-p-1604598779291-300x227.jpg 300w, https:\/\/blog.cortinacortina.com.br\/wp-content\/uploads\/2021\/04\/cortinas-cortina-modelo-ilhos-p-1604598779291-768x582.jpg 768w, https:\/\/blog.cortinacortina.com.br\/wp-content\/uploads\/2021\/04\/cortinas-cortina-modelo-ilhos-p-1604598779291-350x265.jpg 350w, https:\/\/blog.cortinacortina.com.br\/wp-content\/uploads\/2021\/04\/cortinas-cortina-modelo-ilhos-p-1604598779291-800x606.jpg 800w\" sizes=\"(max-width: 802px) 100vw, 802px\" \/><\/figure>\n\n\n\n<p><\/p>\n\n\n\n<p><strong>Cortina com Deslizantes<\/strong><\/p>\n\n\n\n<p>As cortinas com deslizantes foram desenvolvidas para os clientes que desejam instalar a cortina no teto ou possuem rebaixamento de gesso.<\/p>\n\n\n\n<p>S\u00e3o adapt\u00e1veis para 3 tipos de acabamentos: Trilho de Alum\u00ednio, Trilho Suisso e Tubo Deslizante<\/p>\n\n\n\n<ul>\n<li>Trilho de Alum\u00ednio: nesse modelo voc\u00ea encontra cortinas com os famosos rod\u00edzios, no segmento das cortinas prontas, eles vem normalmente para Corta Luz de Pvc<\/li>\n<\/ul>\n\n\n\n<figure class=\"wp-block-image size-full\"><img decoding=\"async\" loading=\"lazy\" width=\"1000\" height=\"1000\" src=\"https:\/\/blog.cortinacortina.com.br\/wp-content\/uploads\/2023\/09\/6.1-Blackout-Plastico-Pvc-Trilho-Suisso-Perola.jpg\" alt=\"\" class=\"wp-image-156\" srcset=\"https:\/\/blog.cortinacortina.com.br\/wp-content\/uploads\/2023\/09\/6.1-Blackout-Plastico-Pvc-Trilho-Suisso-Perola.jpg 1000w, https:\/\/blog.cortinacortina.com.br\/wp-content\/uploads\/2023\/09\/6.1-Blackout-Plastico-Pvc-Trilho-Suisso-Perola-300x300.jpg 300w, https:\/\/blog.cortinacortina.com.br\/wp-content\/uploads\/2023\/09\/6.1-Blackout-Plastico-Pvc-Trilho-Suisso-Perola-150x150.jpg 150w, https:\/\/blog.cortinacortina.com.br\/wp-content\/uploads\/2023\/09\/6.1-Blackout-Plastico-Pvc-Trilho-Suisso-Perola-768x768.jpg 768w, https:\/\/blog.cortinacortina.com.br\/wp-content\/uploads\/2023\/09\/6.1-Blackout-Plastico-Pvc-Trilho-Suisso-Perola-350x350.jpg 350w, https:\/\/blog.cortinacortina.com.br\/wp-content\/uploads\/2023\/09\/6.1-Blackout-Plastico-Pvc-Trilho-Suisso-Perola-800x800.jpg 800w, https:\/\/blog.cortinacortina.com.br\/wp-content\/uploads\/2023\/09\/6.1-Blackout-Plastico-Pvc-Trilho-Suisso-Perola-560x560.jpg 560w\" sizes=\"(max-width: 1000px) 100vw, 1000px\" \/><\/figure>\n\n\n\n<p><\/p>\n\n\n\n<ul>\n<li>Trilho Suisso: esse produto \u00e9 a moderniza\u00e7\u00e3o do Trilho de Alum\u00ednio, seus deslizantes brancos correm com bastante facilidade. O Trilho Suisso pode ser fixado diretamente no teto ou embaixo do rebaixamento de gesso.<\/li>\n<\/ul>\n\n\n\n<figure class=\"wp-block-image size-full\"><img decoding=\"async\" loading=\"lazy\" width=\"1000\" height=\"1000\" src=\"https:\/\/blog.cortinacortina.com.br\/wp-content\/uploads\/2023\/08\/Bruxelas-Marfim-com-deslizante-ok.jpg\" alt=\"\" class=\"wp-image-138\" srcset=\"https:\/\/blog.cortinacortina.com.br\/wp-content\/uploads\/2023\/08\/Bruxelas-Marfim-com-deslizante-ok.jpg 1000w, https:\/\/blog.cortinacortina.com.br\/wp-content\/uploads\/2023\/08\/Bruxelas-Marfim-com-deslizante-ok-300x300.jpg 300w, https:\/\/blog.cortinacortina.com.br\/wp-content\/uploads\/2023\/08\/Bruxelas-Marfim-com-deslizante-ok-150x150.jpg 150w, https:\/\/blog.cortinacortina.com.br\/wp-content\/uploads\/2023\/08\/Bruxelas-Marfim-com-deslizante-ok-768x768.jpg 768w, https:\/\/blog.cortinacortina.com.br\/wp-content\/uploads\/2023\/08\/Bruxelas-Marfim-com-deslizante-ok-350x350.jpg 350w, https:\/\/blog.cortinacortina.com.br\/wp-content\/uploads\/2023\/08\/Bruxelas-Marfim-com-deslizante-ok-800x800.jpg 800w, https:\/\/blog.cortinacortina.com.br\/wp-content\/uploads\/2023\/08\/Bruxelas-Marfim-com-deslizante-ok-560x560.jpg 560w\" sizes=\"(max-width: 1000px) 100vw, 1000px\" \/><\/figure>\n\n\n\n<p><\/p>\n\n\n\n<ul>\n<li>Tubo Deslizante: esse acabamento \u00e9 para cliente que deseja a cortina com deslizantes, por\u00e9m n\u00e3o quer instalar a cortina at\u00e9 o teto ou n\u00e3o possui rebaixamento de gesso. <\/li>\n<\/ul>\n\n\n\n<figure class=\"wp-block-image size-full\"><img decoding=\"async\" loading=\"lazy\" width=\"768\" height=\"857\" src=\"https:\/\/blog.cortinacortina.com.br\/wp-content\/uploads\/2021\/06\/Inove-Duplex-e-Pratika-Bellini.jpg\" alt=\"\" class=\"wp-image-103\" srcset=\"https:\/\/blog.cortinacortina.com.br\/wp-content\/uploads\/2021\/06\/Inove-Duplex-e-Pratika-Bellini.jpg 768w, https:\/\/blog.cortinacortina.com.br\/wp-content\/uploads\/2021\/06\/Inove-Duplex-e-Pratika-Bellini-269x300.jpg 269w, https:\/\/blog.cortinacortina.com.br\/wp-content\/uploads\/2021\/06\/Inove-Duplex-e-Pratika-Bellini-350x391.jpg 350w\" sizes=\"(max-width: 768px) 100vw, 768px\" \/><\/figure>\n\n\n\n\n\n<figure class=\"wp-block-video\"><\/figure>\n\n\n\n<p><\/p>\n\n\n\n<p>Para facilitar a sua escolhe, preparamos um v\u00eddeo com muitas dicas!<\/p>\n\n\n\n<figure class=\"wp-block-embed is-type-video is-provider-youtube wp-block-embed-youtube wp-embed-aspect-16-9 wp-has-aspect-ratio\"><div class=\"wp-block-embed__wrapper\">\n<div class=\"video_embed clearfix\"><div class=\"video_embed clearfix\"><iframe loading=\"lazy\" title=\"Cortina para trilho ou var\u00e3o\" width=\"500\" height=\"281\" src=\"https:\/\/www.youtube.com\/embed\/QVjN_QLtYZA?feature=oembed\" frameborder=\"0\" allow=\"accelerometer; autoplay; clipboard-write; encrypted-media; gyroscope; picture-in-picture; web-share\" allowfullscreen><\/iframe><\/div><\/div>\n<\/div><\/figure>\n\n\n\n<p>Gostou das dicas? Ent\u00e3o compartilhe com seus amigos e familiares. E para conhecer mais sobre cortinas ou adquirir acesse nossa loja &#8211; <a href=\"http:\/\/www.cortinacortina.com.br\" data-type=\"URL\" data-id=\"www.cortinacortina.com.br\">www.cortinacortina.com.br<\/a><\/p>\n\n\n\n<p>At\u00e9 mais.<\/p>\n","protected":false},"excerpt":{"rendered":"<p>Sempre fica a d\u00favida na hora de escolher o modelo correto da sua Cortina. Hoje queremos simplificar para voc\u00ea e te ajudar a escolher o modelo certo. Existem 2 tipos de Cortinas: com ilh\u00f3ses e com deslizantes. Cortina com Ilh\u00f3ses As Cortinas com ilh\u00f3ses podem serem instaladas em qualquer tipo de ambiente, s\u00e3o pr\u00e1ticas e [&hellip;]<\/p>\n","protected":false},"author":2,"featured_media":138,"comment_status":"open","ping_status":"open","sticky":false,"template":"","format":"standard","meta":{"footnotes":""},"categories":[9,7,1],"tags":[27,10,21,30,25,23,22,24,20,19],"acf":[],"_links":{"self":[{"href":"https:\/\/blog.cortinacortina.com.br\/index.php?rest_route=\/wp\/v2\/posts\/155"}],"collection":[{"href":"https:\/\/blog.cortinacortina.com.br\/index.php?rest_route=\/wp\/v2\/posts"}],"about":[{"href":"https:\/\/blog.cortinacortina.com.br\/index.php?rest_route=\/wp\/v2\/types\/post"}],"author":[{"embeddable":true,"href":"https:\/\/blog.cortinacortina.com.br\/index.php?rest_route=\/wp\/v2\/users\/2"}],"replies":[{"embeddable":true,"href":"https:\/\/blog.cortinacortina.com.br\/index.php?rest_route=%2Fwp%2Fv2%2Fcomments&post=155"}],"version-history":[{"count":3,"href":"https:\/\/blog.cortinacortina.com.br\/index.php?rest_route=\/wp\/v2\/posts\/155\/revisions"}],"predecessor-version":[{"id":164,"href":"https:\/\/blog.cortinacortina.com.br\/index.php?rest_route=\/wp\/v2\/posts\/155\/revisions\/164"}],"wp:featuredmedia":[{"embeddable":true,"href":"https:\/\/blog.cortinacortina.com.br\/index.php?rest_route=\/wp\/v2\/media\/138"}],"wp:attachment":[{"href":"https:\/\/blog.cortinacortina.com.br\/index.php?rest_route=%2Fwp%2Fv2%2Fmedia&parent=155"}],"wp:term":[{"taxonomy":"category","embeddable":true,"href":"https:\/\/blog.cortinacortina.com.br\/index.php?rest_route=%2Fwp%2Fv2%2Fcategories&post=155"},{"taxonomy":"post_tag","embeddable":true,"href":"https:\/\/blog.cortinacortina.com.br\/index.php?rest_route=%2Fwp%2Fv2%2Ftags&post=155"}],"curies":[{"name":"wp","href":"https:\/\/api.w.org\/{rel}","templated":true}]}}