{"id":165,"date":"2023-09-14T10:11:26","date_gmt":"2023-09-14T13:11:26","guid":{"rendered":"https:\/\/blog.cortinacortina.com.br\/?p=165"},"modified":"2023-09-14T10:19:57","modified_gmt":"2023-09-14T13:19:57","slug":"linha-de-cortinas-da-bella-janela","status":"publish","type":"post","link":"https:\/\/blog.cortinacortina.com.br\/?p=165","title":{"rendered":"Linha de Cortinas da Bella Janela"},"content":{"rendered":"\n<p>Sempre fica a d\u00favida na hora de escolher o modelo correto da sua Cortina. <\/p>\n\n\n\n<p>Hoje queremos simplificar para voc\u00ea e te ajudar a escolher o modelo certo.<\/p>\n\n\n\n<p>Temos dispon\u00edveis 8 linhas: <strong>Duplex, Duo, Duo Total, Xal\u00ea, R\u00fastica, Inove, Pr\u00e1tika e Corta Luz.<\/strong><\/p>\n\n\n\n<p><strong>Linha Duplex<\/strong><\/p>\n\n\n\n<p>Cortina composta por voil decorativo e forro 100% poli\u00e9ster, costurados juntos, embelezando o ambiente e mantendo a privacidade.<\/p>\n\n\n\n<p>Benef\u00edcios:<\/p>\n\n\n\n<ul>\n<li>Permite Luminosidade<\/li>\n\n\n\n<li>Ideal para salas e escrit\u00f3rios<\/li>\n<\/ul>\n\n\n\n<figure class=\"wp-block-image size-full\"><img decoding=\"async\" loading=\"lazy\" width=\"736\" height=\"743\" src=\"https:\/\/blog.cortinacortina.com.br\/wp-content\/uploads\/2023\/09\/duplex.jpeg\" alt=\"\" class=\"wp-image-168\" srcset=\"https:\/\/blog.cortinacortina.com.br\/wp-content\/uploads\/2023\/09\/duplex.jpeg 736w, https:\/\/blog.cortinacortina.com.br\/wp-content\/uploads\/2023\/09\/duplex-297x300.jpeg 297w, https:\/\/blog.cortinacortina.com.br\/wp-content\/uploads\/2023\/09\/duplex-150x150.jpeg 150w, https:\/\/blog.cortinacortina.com.br\/wp-content\/uploads\/2023\/09\/duplex-350x353.jpeg 350w\" sizes=\"(max-width: 736px) 100vw, 736px\" \/><\/figure>\n\n\n\n<p><\/p>\n\n\n\n<p><strong>Linha Duo<\/strong><\/p>\n\n\n\n<p>Composta por um tecido decorativo e corta luz de tecido com veda\u00e7\u00e3o de at\u00e9 70%, costurados juntos.<\/p>\n\n\n\n<p>Benef\u00edcios:<\/p>\n\n\n\n<ul>\n<li>Ideal para escurecer parcialmente o ambiente<\/li>\n\n\n\n<li>Indicado para quartos e sala de tv<\/li>\n<\/ul>\n\n\n\n<figure class=\"wp-block-image size-full\"><img decoding=\"async\" loading=\"lazy\" width=\"736\" height=\"743\" src=\"https:\/\/blog.cortinacortina.com.br\/wp-content\/uploads\/2023\/09\/duo.jpeg\" alt=\"\" class=\"wp-image-169\" srcset=\"https:\/\/blog.cortinacortina.com.br\/wp-content\/uploads\/2023\/09\/duo.jpeg 736w, https:\/\/blog.cortinacortina.com.br\/wp-content\/uploads\/2023\/09\/duo-297x300.jpeg 297w, https:\/\/blog.cortinacortina.com.br\/wp-content\/uploads\/2023\/09\/duo-150x150.jpeg 150w, https:\/\/blog.cortinacortina.com.br\/wp-content\/uploads\/2023\/09\/duo-350x353.jpeg 350w\" sizes=\"(max-width: 736px) 100vw, 736px\" \/><\/figure>\n\n\n\n<p><\/p>\n\n\n\n<p><strong>Linha Duo<\/strong> <strong>Total<\/strong><\/p>\n\n\n\n<p>Composta por um tecido decorativo e corta luz de tecido com veda\u00e7\u00e3o 100%, costurados juntos.<\/p>\n\n\n\n<p>Benef\u00edcios:<\/p>\n\n\n\n<ul>\n<li>Ideal para escurecer totalmente o ambiente<\/li>\n\n\n\n<li>Indicado para quartos e sala de tv<\/li>\n<\/ul>\n\n\n\n<figure class=\"wp-block-gallery has-nested-images columns-default is-cropped wp-block-gallery-1 is-layout-flex wp-block-gallery-is-layout-flex\"><\/figure>\n\n\n\n<p><strong>Linha<\/strong> <strong>Xal\u00ea<\/strong><\/p>\n\n\n\n<p>Pe\u00e7a decorativa composta por apenas uma pe\u00e7a sem forro, com diferentes texturas e tramas.<\/p>\n\n\n\n<p>Benef\u00edcios:<\/p>\n\n\n\n<ul>\n<li>Permite luminosidade<\/li>\n\n\n\n<li>Ideal para sobrepor em outra cortina ou persiana<\/li>\n\n\n\n<li>Muda o ambiente, dando um destaque a cortina j\u00e1 existente<\/li>\n<\/ul>\n\n\n\n<figure class=\"wp-block-image size-full\"><img decoding=\"async\" loading=\"lazy\" width=\"650\" height=\"954\" src=\"https:\/\/blog.cortinacortina.com.br\/wp-content\/uploads\/2023\/09\/Xale-Florenca-Cinza-4.jpg\" alt=\"\" class=\"wp-image-172\" srcset=\"https:\/\/blog.cortinacortina.com.br\/wp-content\/uploads\/2023\/09\/Xale-Florenca-Cinza-4.jpg 650w, https:\/\/blog.cortinacortina.com.br\/wp-content\/uploads\/2023\/09\/Xale-Florenca-Cinza-4-204x300.jpg 204w, https:\/\/blog.cortinacortina.com.br\/wp-content\/uploads\/2023\/09\/Xale-Florenca-Cinza-4-350x514.jpg 350w\" sizes=\"(max-width: 650px) 100vw, 650px\" \/><\/figure>\n\n\n\n<p><\/p>\n\n\n\n<p><strong>Linha<\/strong> <strong>R\u00fastica<\/strong><\/p>\n\n\n\n<p>Composta por um \u00fanico tecido sem forro, com bases texturizadas em jacquard ou lisa. Em geral s\u00e3o tecidos mais grossos, pesados, com aspecto r\u00fastico.<\/p>\n\n\n\n<p>Benef\u00edcios:<\/p>\n\n\n\n<ul>\n<li>Permite luminosidade, mantendo a privacidade<\/li>\n\n\n\n<li>Excelente custo benef\u00edcio<\/li>\n<\/ul>\n\n\n\n<figure class=\"wp-block-image size-full\"><img decoding=\"async\" loading=\"lazy\" width=\"736\" height=\"743\" src=\"https:\/\/blog.cortinacortina.com.br\/wp-content\/uploads\/2023\/09\/rustica.jpeg\" alt=\"\" class=\"wp-image-173\" srcset=\"https:\/\/blog.cortinacortina.com.br\/wp-content\/uploads\/2023\/09\/rustica.jpeg 736w, https:\/\/blog.cortinacortina.com.br\/wp-content\/uploads\/2023\/09\/rustica-297x300.jpeg 297w, https:\/\/blog.cortinacortina.com.br\/wp-content\/uploads\/2023\/09\/rustica-150x150.jpeg 150w, https:\/\/blog.cortinacortina.com.br\/wp-content\/uploads\/2023\/09\/rustica-350x353.jpeg 350w\" sizes=\"(max-width: 736px) 100vw, 736px\" \/><\/figure>\n\n\n\n<p><\/p>\n\n\n\n<p><strong>Linha Inove<\/strong><\/p>\n\n\n\n<p>Essa linha foi desenvolvida para cortinas para Trilho Suisso ou Tubo Deslizante, perfeita para p\u00e9 direito alto.<\/p>\n\n\n\n<figure class=\"wp-block-image size-full\"><img decoding=\"async\" loading=\"lazy\" width=\"736\" height=\"743\" src=\"https:\/\/blog.cortinacortina.com.br\/wp-content\/uploads\/2023\/09\/inove.jpeg\" alt=\"\" class=\"wp-image-174\" srcset=\"https:\/\/blog.cortinacortina.com.br\/wp-content\/uploads\/2023\/09\/inove.jpeg 736w, https:\/\/blog.cortinacortina.com.br\/wp-content\/uploads\/2023\/09\/inove-297x300.jpeg 297w, https:\/\/blog.cortinacortina.com.br\/wp-content\/uploads\/2023\/09\/inove-150x150.jpeg 150w, https:\/\/blog.cortinacortina.com.br\/wp-content\/uploads\/2023\/09\/inove-350x353.jpeg 350w\" sizes=\"(max-width: 736px) 100vw, 736px\" \/><\/figure>\n\n\n\n<p><\/p>\n\n\n\n<p><strong>Linha Pratika<\/strong><\/p>\n\n\n\n<p>Composta por voil decorativo e forro blackout em Pvc. <\/p>\n\n\n\n<p>Aten\u00e7\u00e3o: produto n\u00e3o indicado para lavar \u00e0 maquina. Ideal que seja lavado \u00e0 m\u00e3o<\/p>\n\n\n\n<p>Benef\u00edcios:<\/p>\n\n\n\n<ul>\n<li>Ideal para Sala de Tv<\/li>\n\n\n\n<li>Excelente custo benef\u00edcio<\/li>\n<\/ul>\n\n\n\n\n\n<p><strong>Linha<\/strong> <strong>Corta Luz<\/strong><\/p>\n\n\n\n<p>Composto por um \u00fanico tecido, ideal para bloquear parcialmente a luminosidade em at\u00e9 70%.<\/p>\n\n\n\n<figure class=\"wp-block-image size-full\"><img decoding=\"async\" loading=\"lazy\" width=\"477\" height=\"640\" src=\"https:\/\/blog.cortinacortina.com.br\/wp-content\/uploads\/2021\/07\/Branco-1.jpg\" alt=\"\" class=\"wp-image-114\" srcset=\"https:\/\/blog.cortinacortina.com.br\/wp-content\/uploads\/2021\/07\/Branco-1.jpg 477w, https:\/\/blog.cortinacortina.com.br\/wp-content\/uploads\/2021\/07\/Branco-1-224x300.jpg 224w, https:\/\/blog.cortinacortina.com.br\/wp-content\/uploads\/2021\/07\/Branco-1-350x470.jpg 350w\" sizes=\"(max-width: 477px) 100vw, 477px\" \/><\/figure>\n\n\n\n<p>Gostou das dicas? Ent\u00e3o compartilhe com seus amigos e familiares. E para conhecer mais sobre cortinas ou adquirir acesse nossa loja &#8211; <a href=\"http:\/\/www.cortinacortina.com.br\" data-type=\"URL\" data-id=\"www.cortinacortina.com.br\">www.cortinacortina.com.br<\/a><\/p>\n\n\n\n<p>At\u00e9 mais.<\/p>\n","protected":false},"excerpt":{"rendered":"<p>Sempre fica a d\u00favida na hora de escolher o modelo correto da sua Cortina. Hoje queremos simplificar para voc\u00ea e te ajudar a escolher o modelo certo. Temos dispon\u00edveis 8 linhas: Duplex, Duo, Duo Total, Xal\u00ea, R\u00fastica, Inove, Pr\u00e1tika e Corta Luz. Linha Duplex Cortina composta por voil decorativo e forro 100% poli\u00e9ster, costurados juntos, [&hellip;]<\/p>\n","protected":false},"author":2,"featured_media":127,"comment_status":"open","ping_status":"open","sticky":false,"template":"","format":"standard","meta":{"footnotes":""},"categories":[9,5,7],"tags":[27,10,21,30,25,23,22,24,19],"acf":[],"_links":{"self":[{"href":"https:\/\/blog.cortinacortina.com.br\/index.php?rest_route=\/wp\/v2\/posts\/165"}],"collection":[{"href":"https:\/\/blog.cortinacortina.com.br\/index.php?rest_route=\/wp\/v2\/posts"}],"about":[{"href":"https:\/\/blog.cortinacortina.com.br\/index.php?rest_route=\/wp\/v2\/types\/post"}],"author":[{"embeddable":true,"href":"https:\/\/blog.cortinacortina.com.br\/index.php?rest_route=\/wp\/v2\/users\/2"}],"replies":[{"embeddable":true,"href":"https:\/\/blog.cortinacortina.com.br\/index.php?rest_route=%2Fwp%2Fv2%2Fcomments&post=165"}],"version-history":[{"count":3,"href":"https:\/\/blog.cortinacortina.com.br\/index.php?rest_route=\/wp\/v2\/posts\/165\/revisions"}],"predecessor-version":[{"id":177,"href":"https:\/\/blog.cortinacortina.com.br\/index.php?rest_route=\/wp\/v2\/posts\/165\/revisions\/177"}],"wp:featuredmedia":[{"embeddable":true,"href":"https:\/\/blog.cortinacortina.com.br\/index.php?rest_route=\/wp\/v2\/media\/127"}],"wp:attachment":[{"href":"https:\/\/blog.cortinacortina.com.br\/index.php?rest_route=%2Fwp%2Fv2%2Fmedia&parent=165"}],"wp:term":[{"taxonomy":"category","embeddable":true,"href":"https:\/\/blog.cortinacortina.com.br\/index.php?rest_route=%2Fwp%2Fv2%2Fcategories&post=165"},{"taxonomy":"post_tag","embeddable":true,"href":"https:\/\/blog.cortinacortina.com.br\/index.php?rest_route=%2Fwp%2Fv2%2Ftags&post=165"}],"curies":[{"name":"wp","href":"https:\/\/api.w.org\/{rel}","templated":true}]}}