{"id":179,"date":"2023-10-12T11:47:54","date_gmt":"2023-10-12T14:47:54","guid":{"rendered":"https:\/\/blog.cortinacortina.com.br\/?p=179"},"modified":"2023-10-12T11:48:40","modified_gmt":"2023-10-12T14:48:40","slug":"cortina-inove-trilho-suisso-e-tubo-deslizante","status":"publish","type":"post","link":"https:\/\/blog.cortinacortina.com.br\/?p=179","title":{"rendered":"Cortina Inove: Trilho Suisso e Tubo Deslizante"},"content":{"rendered":"\n<p><\/p>\n\n\n\n<p><strong>Linha Inove<\/strong><\/p>\n\n\n\n<p>Essa linha foi desenvolvida para cortinas para Trilho Suisso ou Tubo Deslizante, perfeita para p\u00e9 direito alto. S\u00e3o cortinas que oferecem requinte e sofistica\u00e7\u00e3o ao ambiente.<\/p>\n\n\n\n<p>Em  nosso site, voc\u00ea encontra diversas op\u00e7\u00f5es de tecidos, cores e tamanhos desta cortina.<\/p>\n\n\n\n<p>Mas sempre fica aquela d\u00favida de como instalar essa cortina, qual tipo de trilho ou tubo escolher.<\/p>\n\n\n\n<p>Por isso, preparamos um cont\u00e9udo especial, para voc\u00ea tirar suas d\u00favida.<\/p>\n\n\n\n<figure class=\"wp-block-embed is-type-video is-provider-youtube wp-block-embed-youtube wp-embed-aspect-16-9 wp-has-aspect-ratio\"><div class=\"wp-block-embed__wrapper\">\n<div class=\"video_embed clearfix\"><div class=\"video_embed clearfix\"><iframe loading=\"lazy\" title=\"Conhe\u00e7a a Linha Inove Deslizante | Bella Janela\" width=\"500\" height=\"281\" src=\"https:\/\/www.youtube.com\/embed\/0R1R9UylQ4s?feature=oembed\" frameborder=\"0\" allow=\"accelerometer; autoplay; clipboard-write; encrypted-media; gyroscope; picture-in-picture; web-share\" allowfullscreen><\/iframe><\/div><\/div>\n<\/div><\/figure>\n\n\n\n<div class=\"wp-block-media-text is-stacked-on-mobile\"><figure class=\"wp-block-media-text__media\"><\/figure><div class=\"wp-block-media-text__content\">\n<p><\/p>\n<\/div><\/div>\n\n\n\n\n\n<p>Gostou das dicas? Ent\u00e3o compartilhe com seus amigos e familiares. E para conhecer mais sobre cortinas ou adquirir acesse nossa loja &#8211; <a href=\"https:\/\/www.cortinacortina.com.br\/trilho-suisso\">www.cortinacortina.com.br<\/a><\/p>\n\n\n\n<p>At\u00e9 mais.<\/p>\n","protected":false},"excerpt":{"rendered":"<p>Linha Inove Essa linha foi desenvolvida para cortinas para Trilho Suisso ou Tubo Deslizante, perfeita para p\u00e9 direito alto. S\u00e3o cortinas que oferecem requinte e sofistica\u00e7\u00e3o ao ambiente. Em nosso site, voc\u00ea encontra diversas op\u00e7\u00f5es de tecidos, cores e tamanhos desta cortina. Mas sempre fica aquela d\u00favida de como instalar essa cortina, qual tipo de [&hellip;]<\/p>\n","protected":false},"author":2,"featured_media":174,"comment_status":"open","ping_status":"open","sticky":false,"template":"","format":"standard","meta":{"footnotes":""},"categories":[9,5],"tags":[27,10,21,30,25,23,22,24,20,19],"acf":[],"_links":{"self":[{"href":"https:\/\/blog.cortinacortina.com.br\/index.php?rest_route=\/wp\/v2\/posts\/179"}],"collection":[{"href":"https:\/\/blog.cortinacortina.com.br\/index.php?rest_route=\/wp\/v2\/posts"}],"about":[{"href":"https:\/\/blog.cortinacortina.com.br\/index.php?rest_route=\/wp\/v2\/types\/post"}],"author":[{"embeddable":true,"href":"https:\/\/blog.cortinacortina.com.br\/index.php?rest_route=\/wp\/v2\/users\/2"}],"replies":[{"embeddable":true,"href":"https:\/\/blog.cortinacortina.com.br\/index.php?rest_route=%2Fwp%2Fv2%2Fcomments&post=179"}],"version-history":[{"count":1,"href":"https:\/\/blog.cortinacortina.com.br\/index.php?rest_route=\/wp\/v2\/posts\/179\/revisions"}],"predecessor-version":[{"id":180,"href":"https:\/\/blog.cortinacortina.com.br\/index.php?rest_route=\/wp\/v2\/posts\/179\/revisions\/180"}],"wp:featuredmedia":[{"embeddable":true,"href":"https:\/\/blog.cortinacortina.com.br\/index.php?rest_route=\/wp\/v2\/media\/174"}],"wp:attachment":[{"href":"https:\/\/blog.cortinacortina.com.br\/index.php?rest_route=%2Fwp%2Fv2%2Fmedia&parent=179"}],"wp:term":[{"taxonomy":"category","embeddable":true,"href":"https:\/\/blog.cortinacortina.com.br\/index.php?rest_route=%2Fwp%2Fv2%2Fcategories&post=179"},{"taxonomy":"post_tag","embeddable":true,"href":"https:\/\/blog.cortinacortina.com.br\/index.php?rest_route=%2Fwp%2Fv2%2Ftags&post=179"}],"curies":[{"name":"wp","href":"https:\/\/api.w.org\/{rel}","templated":true}]}}