{"id":182,"date":"2023-12-26T09:25:47","date_gmt":"2023-12-26T12:25:47","guid":{"rendered":"https:\/\/blog.cortinacortina.com.br\/?p=182"},"modified":"2023-12-26T09:26:47","modified_gmt":"2023-12-26T12:26:47","slug":"cortinas-que-bloqueiam-100-a-luminosidade","status":"publish","type":"post","link":"https:\/\/blog.cortinacortina.com.br\/?p=182","title":{"rendered":"Cortinas que bloqueiam 100% a luminosidade"},"content":{"rendered":"\n<p>Todo mundo gosta de um quarto escurinho? Hoje queremos apresentar solu\u00e7\u00f5es, para quem deseja ambientes totalmente escuros, com o bloqueio de 100% da luz.<br>As Cortinas Blackout foram projetadas para impedir a passagem da luz,ideal para dormit\u00f3rios ou locais onde voc\u00ea deseja minimizar a entrada de luz solar.<\/p>\n\n\n\n<p>Existe dois materiais que proporciam essa bloqueio: Corta Luz de Pvc e Corta Luz\/ Blackout de Tecido 100%<\/p>\n\n\n\n<p><\/p>\n\n\n\n<p><strong>Corta Luz ou Blackout de Tecido 100%:<\/strong> Esse produto \u00e9 confeccionado em tecido, trazendo praticidade ao dia a dia, pois pode ser lavado em m\u00e1quina. Com textura mais leve, pode ser usado como cortina principal ou at\u00e9 mesmo como fundo da sua cortina. Possui a tecnologia para vedar e bloquear 100% a intensidade da luz. Mas voc\u00ea deve consultar na etiqueta do produto, se o mesmo oferece essa fun\u00e7\u00e3o.<\/p>\n\n\n\n<p>Separamos a sele\u00e7\u00e3o deste produto, neste link: <a href=\"https:\/\/www.cortinacortina.com.br\/cortina-para-sala?loja=860511&amp;categoria=109&amp;variants%5B%5D=Luminosidade%7C%7CBloqueio%2Btotal%2B100%2525&amp;variants%5B%5D=Tipo%7C%7CCorta%2BLuz%2BTecido&amp;variants%5B%5D=Tipo%7C%7CTecido%2Be%2BCorta%2BLuz\">Corta Luz de Tecido 100% veda\u00e7\u00e3o.<\/a><\/p>\n\n\n<div class=\"wp-block-image\">\n<figure class=\"aligncenter size-full\"><img decoding=\"async\" loading=\"lazy\" width=\"477\" height=\"640\" src=\"https:\/\/blog.cortinacortina.com.br\/wp-content\/uploads\/2021\/07\/Branco-1.jpg\" alt=\"\" class=\"wp-image-114\" srcset=\"https:\/\/blog.cortinacortina.com.br\/wp-content\/uploads\/2021\/07\/Branco-1.jpg 477w, https:\/\/blog.cortinacortina.com.br\/wp-content\/uploads\/2021\/07\/Branco-1-224x300.jpg 224w, https:\/\/blog.cortinacortina.com.br\/wp-content\/uploads\/2021\/07\/Branco-1-350x470.jpg 350w\" sizes=\"(max-width: 477px) 100vw, 477px\" \/><\/figure><\/div>\n\n\n\n\n<p><\/p>\n\n\n\n<p><strong>Corta Luz de Pvc: <\/strong>Esse corta luz \u00e9 confeccionado em Pvc (pl\u00e1stico), possui um custo benef\u00edcio muito bom, para quem deseja solucionar o problema sem gastar muito. Por\u00e9m, existe alguns cuidados que voc\u00ea deve ter na hora de higienizar ele. Voc\u00ea deve seguir as instru\u00e7\u00f5es do produto. Voc\u00ea pode encontrar ele para var\u00e3o ou trilho.<\/p>\n\n\n\n<p>Segue algumas op\u00e7\u00f5es deste produto: <a href=\"https:\/\/www.cortinacortina.com.br\/cortina-para-sala?loja=860511&amp;categoria=109&amp;variants%5B%5D=Luminosidade%7C%7CBloqueio%2Btotal%2B100%2525&amp;variants%5B%5D=Tipo%7C%7CBlackout%2BPvc\">Corta Luz de Pvc<\/a><\/p>\n\n\n\n<figure class=\"wp-block-image size-full\"><img decoding=\"async\" loading=\"lazy\" width=\"1000\" height=\"1000\" src=\"https:\/\/blog.cortinacortina.com.br\/wp-content\/uploads\/2021\/09\/Cortina-Blackout-Corta-Luz-Pvc-para-Varao-com-ilhos-4.jpg\" alt=\"\" class=\"wp-image-119\" srcset=\"https:\/\/blog.cortinacortina.com.br\/wp-content\/uploads\/2021\/09\/Cortina-Blackout-Corta-Luz-Pvc-para-Varao-com-ilhos-4.jpg 1000w, https:\/\/blog.cortinacortina.com.br\/wp-content\/uploads\/2021\/09\/Cortina-Blackout-Corta-Luz-Pvc-para-Varao-com-ilhos-4-300x300.jpg 300w, https:\/\/blog.cortinacortina.com.br\/wp-content\/uploads\/2021\/09\/Cortina-Blackout-Corta-Luz-Pvc-para-Varao-com-ilhos-4-150x150.jpg 150w, https:\/\/blog.cortinacortina.com.br\/wp-content\/uploads\/2021\/09\/Cortina-Blackout-Corta-Luz-Pvc-para-Varao-com-ilhos-4-768x768.jpg 768w, https:\/\/blog.cortinacortina.com.br\/wp-content\/uploads\/2021\/09\/Cortina-Blackout-Corta-Luz-Pvc-para-Varao-com-ilhos-4-350x350.jpg 350w, https:\/\/blog.cortinacortina.com.br\/wp-content\/uploads\/2021\/09\/Cortina-Blackout-Corta-Luz-Pvc-para-Varao-com-ilhos-4-800x800.jpg 800w, https:\/\/blog.cortinacortina.com.br\/wp-content\/uploads\/2021\/09\/Cortina-Blackout-Corta-Luz-Pvc-para-Varao-com-ilhos-4-560x560.jpg 560w\" sizes=\"(max-width: 1000px) 100vw, 1000px\" \/><\/figure>\n\n\n\n<figure class=\"wp-block-image size-full\"><img decoding=\"async\" loading=\"lazy\" width=\"1000\" height=\"1002\" src=\"https:\/\/blog.cortinacortina.com.br\/wp-content\/uploads\/2021\/09\/Corta-Luz-Rodizio-Bege-1.jpg\" alt=\"\" class=\"wp-image-122\" srcset=\"https:\/\/blog.cortinacortina.com.br\/wp-content\/uploads\/2021\/09\/Corta-Luz-Rodizio-Bege-1.jpg 1000w, https:\/\/blog.cortinacortina.com.br\/wp-content\/uploads\/2021\/09\/Corta-Luz-Rodizio-Bege-1-300x300.jpg 300w, https:\/\/blog.cortinacortina.com.br\/wp-content\/uploads\/2021\/09\/Corta-Luz-Rodizio-Bege-1-150x150.jpg 150w, https:\/\/blog.cortinacortina.com.br\/wp-content\/uploads\/2021\/09\/Corta-Luz-Rodizio-Bege-1-768x770.jpg 768w, https:\/\/blog.cortinacortina.com.br\/wp-content\/uploads\/2021\/09\/Corta-Luz-Rodizio-Bege-1-350x351.jpg 350w, https:\/\/blog.cortinacortina.com.br\/wp-content\/uploads\/2021\/09\/Corta-Luz-Rodizio-Bege-1-800x802.jpg 800w, https:\/\/blog.cortinacortina.com.br\/wp-content\/uploads\/2021\/09\/Corta-Luz-Rodizio-Bege-1-560x560.jpg 560w\" sizes=\"(max-width: 1000px) 100vw, 1000px\" \/><\/figure>\n\n\n\n<p>Gostou das dicas? Ent\u00e3o compartilhe com seus amigos e familiares. E para conhecer mais sobre cortinas ou adquirir acesse nossa loja &#8211; www.cortinacortina.com.br<\/p>\n\n\n\n<p>At\u00e9 mais.<\/p>\n","protected":false},"excerpt":{"rendered":"<p>Todo mundo gosta de um quarto escurinho? Hoje queremos apresentar solu\u00e7\u00f5es, para quem deseja ambientes totalmente escuros, com o bloqueio de 100% da luz.As Cortinas Blackout foram projetadas para impedir a passagem da luz,ideal para dormit\u00f3rios ou locais onde voc\u00ea deseja minimizar a entrada de luz solar. Existe dois materiais que proporciam essa bloqueio: Corta [&hellip;]<\/p>\n","protected":false},"author":2,"featured_media":114,"comment_status":"open","ping_status":"open","sticky":false,"template":"","format":"standard","meta":{"footnotes":""},"categories":[9,5,7],"tags":[34,35,27,32,33,30,25],"acf":[],"_links":{"self":[{"href":"https:\/\/blog.cortinacortina.com.br\/index.php?rest_route=\/wp\/v2\/posts\/182"}],"collection":[{"href":"https:\/\/blog.cortinacortina.com.br\/index.php?rest_route=\/wp\/v2\/posts"}],"about":[{"href":"https:\/\/blog.cortinacortina.com.br\/index.php?rest_route=\/wp\/v2\/types\/post"}],"author":[{"embeddable":true,"href":"https:\/\/blog.cortinacortina.com.br\/index.php?rest_route=\/wp\/v2\/users\/2"}],"replies":[{"embeddable":true,"href":"https:\/\/blog.cortinacortina.com.br\/index.php?rest_route=%2Fwp%2Fv2%2Fcomments&post=182"}],"version-history":[{"count":2,"href":"https:\/\/blog.cortinacortina.com.br\/index.php?rest_route=\/wp\/v2\/posts\/182\/revisions"}],"predecessor-version":[{"id":184,"href":"https:\/\/blog.cortinacortina.com.br\/index.php?rest_route=\/wp\/v2\/posts\/182\/revisions\/184"}],"wp:featuredmedia":[{"embeddable":true,"href":"https:\/\/blog.cortinacortina.com.br\/index.php?rest_route=\/wp\/v2\/media\/114"}],"wp:attachment":[{"href":"https:\/\/blog.cortinacortina.com.br\/index.php?rest_route=%2Fwp%2Fv2%2Fmedia&parent=182"}],"wp:term":[{"taxonomy":"category","embeddable":true,"href":"https:\/\/blog.cortinacortina.com.br\/index.php?rest_route=%2Fwp%2Fv2%2Fcategories&post=182"},{"taxonomy":"post_tag","embeddable":true,"href":"https:\/\/blog.cortinacortina.com.br\/index.php?rest_route=%2Fwp%2Fv2%2Ftags&post=182"}],"curies":[{"name":"wp","href":"https:\/\/api.w.org\/{rel}","templated":true}]}}