{"id":86,"date":"2021-05-26T22:13:32","date_gmt":"2021-05-27T01:13:32","guid":{"rendered":"http:\/\/blog.cortinacortina.com.br\/?p=86"},"modified":"2021-06-04T08:53:40","modified_gmt":"2021-06-04T11:53:40","slug":"cortinas-prontas-em-linho-2","status":"publish","type":"post","link":"https:\/\/blog.cortinacortina.com.br\/?p=86","title":{"rendered":"Cortinas Prontas em Linho"},"content":{"rendered":"\n<p>Estamos sempre buscando mudar e atualizar os ambientes da nossa casa, acompanhando as tend\u00eancias do mercado de decora\u00e7\u00e3o!<br>A <strong>Cortina Pronta<\/strong> como j\u00e1 mencionados \u00e9 uma \u00f3tima op\u00e7\u00e3o para dar uma renovada no ambiente sem gastar muito.<\/p>\n\n\n\n<p>O Linho est\u00e1 muito presente nas decora\u00e7\u00f5es e tamb\u00e9m nas cortinas.<strong> A Nova Cole\u00e7\u00e3o 2021 de Cortinas Prontas da Cortina Cortina<\/strong>, voc\u00ea encontra v\u00e1rias op\u00e7\u00f5es em Cortinas com linhos sint\u00e9ticos com caimento leve, e tramas e cores modernas.<\/p>\n\n\n\n<figure class=\"wp-block-image\"><img decoding=\"async\" loading=\"lazy\" width=\"1000\" height=\"1000\" src=\"https:\/\/blog.cortinacortina.com.br\/wp-content\/uploads\/2021\/05\/duplex-matera-1-1.jpg\" alt=\"\" class=\"wp-image-88\" srcset=\"https:\/\/blog.cortinacortina.com.br\/wp-content\/uploads\/2021\/05\/duplex-matera-1-1.jpg 1000w, https:\/\/blog.cortinacortina.com.br\/wp-content\/uploads\/2021\/05\/duplex-matera-1-1-300x300.jpg 300w, https:\/\/blog.cortinacortina.com.br\/wp-content\/uploads\/2021\/05\/duplex-matera-1-1-150x150.jpg 150w, https:\/\/blog.cortinacortina.com.br\/wp-content\/uploads\/2021\/05\/duplex-matera-1-1-768x768.jpg 768w, https:\/\/blog.cortinacortina.com.br\/wp-content\/uploads\/2021\/05\/duplex-matera-1-1-350x350.jpg 350w, https:\/\/blog.cortinacortina.com.br\/wp-content\/uploads\/2021\/05\/duplex-matera-1-1-800x800.jpg 800w, https:\/\/blog.cortinacortina.com.br\/wp-content\/uploads\/2021\/05\/duplex-matera-1-1-560x560.jpg 560w\" sizes=\"(max-width: 1000px) 100vw, 1000px\" \/><\/figure>\n\n\n\n<p>Em nosso site voc\u00ea encontra 3 op\u00e7\u00f5es de Cortinas Prontas com Linho, s\u00e3o elas:<\/p>\n\n\n\n<p><strong>Duplex: Linho + Forro de Microfibra<br>R\u00fastica: Linho Encorpado &#8211; Tecido \u00danico<br>Duo: Linho + Corta Luz de Tecido<\/strong><\/p>\n\n\n\n<figure class=\"wp-block-image\"><img decoding=\"async\" loading=\"lazy\" width=\"1000\" height=\"1000\" src=\"https:\/\/blog.cortinacortina.com.br\/wp-content\/uploads\/2021\/05\/Duplex-Matera-3-1.jpg\" alt=\"\" class=\"wp-image-89\" srcset=\"https:\/\/blog.cortinacortina.com.br\/wp-content\/uploads\/2021\/05\/Duplex-Matera-3-1.jpg 1000w, https:\/\/blog.cortinacortina.com.br\/wp-content\/uploads\/2021\/05\/Duplex-Matera-3-1-300x300.jpg 300w, https:\/\/blog.cortinacortina.com.br\/wp-content\/uploads\/2021\/05\/Duplex-Matera-3-1-150x150.jpg 150w, https:\/\/blog.cortinacortina.com.br\/wp-content\/uploads\/2021\/05\/Duplex-Matera-3-1-768x768.jpg 768w, https:\/\/blog.cortinacortina.com.br\/wp-content\/uploads\/2021\/05\/Duplex-Matera-3-1-350x350.jpg 350w, https:\/\/blog.cortinacortina.com.br\/wp-content\/uploads\/2021\/05\/Duplex-Matera-3-1-800x800.jpg 800w, https:\/\/blog.cortinacortina.com.br\/wp-content\/uploads\/2021\/05\/Duplex-Matera-3-1-560x560.jpg 560w\" sizes=\"(max-width: 1000px) 100vw, 1000px\" \/><\/figure>\n\n\n\n<figure class=\"wp-block-image size-large\"><img decoding=\"async\" loading=\"lazy\" width=\"1024\" height=\"768\" src=\"https:\/\/blog.cortinacortina.com.br\/wp-content\/uploads\/2021\/05\/areia-1024x768.jpg\" alt=\"\" class=\"wp-image-90\" srcset=\"https:\/\/blog.cortinacortina.com.br\/wp-content\/uploads\/2021\/05\/areia-1024x768.jpg 1024w, https:\/\/blog.cortinacortina.com.br\/wp-content\/uploads\/2021\/05\/areia-300x225.jpg 300w, https:\/\/blog.cortinacortina.com.br\/wp-content\/uploads\/2021\/05\/areia-768x576.jpg 768w, https:\/\/blog.cortinacortina.com.br\/wp-content\/uploads\/2021\/05\/areia-350x263.jpg 350w, https:\/\/blog.cortinacortina.com.br\/wp-content\/uploads\/2021\/05\/areia-800x600.jpg 800w, https:\/\/blog.cortinacortina.com.br\/wp-content\/uploads\/2021\/05\/areia.jpg 1200w\" sizes=\"(max-width: 1024px) 100vw, 1024px\" \/><\/figure>\n\n\n\n<p>Assim voc\u00ea escolhe o modelo que mais atende a sua necessidade. Esse tecido \u00e9 uma \u00f3tima op\u00e7\u00e3o para quem deseja decorar com estilo e sofistica\u00e7\u00e3o o ambiente. Orna com perfei\u00e7\u00e3o em v\u00e1rios tipos de decora\u00e7\u00e3o e ambientes.<\/p>\n\n\n\n<figure class=\"wp-block-image size-large\"><img decoding=\"async\" loading=\"lazy\" width=\"1000\" height=\"1000\" src=\"https:\/\/blog.cortinacortina.com.br\/wp-content\/uploads\/2021\/05\/Cortina-Rustica-Saara-Cru-3-6.jpg\" alt=\"\" class=\"wp-image-91\" srcset=\"https:\/\/blog.cortinacortina.com.br\/wp-content\/uploads\/2021\/05\/Cortina-Rustica-Saara-Cru-3-6.jpg 1000w, https:\/\/blog.cortinacortina.com.br\/wp-content\/uploads\/2021\/05\/Cortina-Rustica-Saara-Cru-3-6-300x300.jpg 300w, https:\/\/blog.cortinacortina.com.br\/wp-content\/uploads\/2021\/05\/Cortina-Rustica-Saara-Cru-3-6-150x150.jpg 150w, https:\/\/blog.cortinacortina.com.br\/wp-content\/uploads\/2021\/05\/Cortina-Rustica-Saara-Cru-3-6-768x768.jpg 768w, https:\/\/blog.cortinacortina.com.br\/wp-content\/uploads\/2021\/05\/Cortina-Rustica-Saara-Cru-3-6-350x350.jpg 350w, https:\/\/blog.cortinacortina.com.br\/wp-content\/uploads\/2021\/05\/Cortina-Rustica-Saara-Cru-3-6-800x800.jpg 800w, https:\/\/blog.cortinacortina.com.br\/wp-content\/uploads\/2021\/05\/Cortina-Rustica-Saara-Cru-3-6-560x560.jpg 560w\" sizes=\"(max-width: 1000px) 100vw, 1000px\" \/><\/figure>\n\n\n\n<p>Al\u00e9m disso, os tecidos em linho sint\u00e9tico, s\u00e3o <strong>pr\u00e9 &#8211; lavados<\/strong> e confeccionados em poli\u00e9ster, evitando o encolhimento da Cortina.<\/p>\n\n\n\n<p>Gostou das dicas? Ent\u00e3o compartilhe com seus amigos e familiares. E para conhecer mais sobre cortinas ou adquirir acesse nossa loja &#8211; <a href=\"http:\/\/www.cortinacortina.com.br\" data-type=\"URL\" data-id=\"www.cortinacortina.com.br\">www.cortinacortina.com.br<\/a><\/p>\n\n\n\n<p>At\u00e9 mais.<\/p>\n","protected":false},"excerpt":{"rendered":"<p>Estamos sempre buscando mudar e atualizar os ambientes da nossa casa, acompanhando as tend\u00eancias do mercado de decora\u00e7\u00e3o!A Cortina Pronta como j\u00e1 mencionados \u00e9 uma \u00f3tima op\u00e7\u00e3o para dar uma renovada no ambiente sem gastar muito. O Linho est\u00e1 muito presente nas decora\u00e7\u00f5es e tamb\u00e9m nas cortinas. A Nova Cole\u00e7\u00e3o 2021 de Cortinas Prontas da [&hellip;]<\/p>\n","protected":false},"author":2,"featured_media":88,"comment_status":"open","ping_status":"open","sticky":false,"template":"","format":"standard","meta":{"footnotes":""},"categories":[9,5,7],"tags":[12,11,10,15],"acf":[],"_links":{"self":[{"href":"https:\/\/blog.cortinacortina.com.br\/index.php?rest_route=\/wp\/v2\/posts\/86"}],"collection":[{"href":"https:\/\/blog.cortinacortina.com.br\/index.php?rest_route=\/wp\/v2\/posts"}],"about":[{"href":"https:\/\/blog.cortinacortina.com.br\/index.php?rest_route=\/wp\/v2\/types\/post"}],"author":[{"embeddable":true,"href":"https:\/\/blog.cortinacortina.com.br\/index.php?rest_route=\/wp\/v2\/users\/2"}],"replies":[{"embeddable":true,"href":"https:\/\/blog.cortinacortina.com.br\/index.php?rest_route=%2Fwp%2Fv2%2Fcomments&post=86"}],"version-history":[{"count":2,"href":"https:\/\/blog.cortinacortina.com.br\/index.php?rest_route=\/wp\/v2\/posts\/86\/revisions"}],"predecessor-version":[{"id":93,"href":"https:\/\/blog.cortinacortina.com.br\/index.php?rest_route=\/wp\/v2\/posts\/86\/revisions\/93"}],"wp:featuredmedia":[{"embeddable":true,"href":"https:\/\/blog.cortinacortina.com.br\/index.php?rest_route=\/wp\/v2\/media\/88"}],"wp:attachment":[{"href":"https:\/\/blog.cortinacortina.com.br\/index.php?rest_route=%2Fwp%2Fv2%2Fmedia&parent=86"}],"wp:term":[{"taxonomy":"category","embeddable":true,"href":"https:\/\/blog.cortinacortina.com.br\/index.php?rest_route=%2Fwp%2Fv2%2Fcategories&post=86"},{"taxonomy":"post_tag","embeddable":true,"href":"https:\/\/blog.cortinacortina.com.br\/index.php?rest_route=%2Fwp%2Fv2%2Ftags&post=86"}],"curies":[{"name":"wp","href":"https:\/\/api.w.org\/{rel}","templated":true}]}}