{"id":97,"date":"2021-06-14T10:55:37","date_gmt":"2021-06-14T13:55:37","guid":{"rendered":"http:\/\/blog.cortinacortina.com.br\/?p=97"},"modified":"2021-06-23T09:26:48","modified_gmt":"2021-06-23T12:26:48","slug":"cortinas-altas-com-3-metros-de-altura","status":"publish","type":"post","link":"https:\/\/blog.cortinacortina.com.br\/?p=97","title":{"rendered":"Cortinas altas com 3 metros de altura"},"content":{"rendered":"\n<p>Est\u00e1 em busca de cortinas altas com 3 metros de altura? Ent\u00e3o voc\u00ea est\u00e1 no lugar certo, porque vamos ajud\u00e1-lo a fazer a melhor escolha para que a decora\u00e7\u00e3o da sua casa seja refinada e com alto estilo.<\/p>\n\n\n\n<p>As cortinas trazem beleza e conforto ao ambiente, al\u00e9m de adornar as janelas e de trazer flexibilidade para que voc\u00ea controle a quantidade de luz que deseja no ambiente. Sem contar que as cortinas altas s\u00e3o diferenciadas. Elas garantem muita sofistica\u00e7\u00e3o e requinte.&nbsp;<\/p>\n\n\n\n<p>Al\u00e9m do mais, um lar sem cortinas \u00e9 um espa\u00e7o incompleto, n\u00e3o \u00e9 mesmo? Ent\u00e3o, continue lendo para decidir qual cortina \u00e9 ideal para voc\u00ea!<\/p>\n\n\n\n<h2 class=\"wp-block-heading\">Vantagens de cortinas altas com 3 metros de altura<\/h2>\n\n\n\n<p><\/p>\n\n\n\n<h3 class=\"wp-block-heading\">Controle da luminosidade<\/h3>\n\n\n\n<p>As cortinas s\u00e3o excelentes para que voc\u00ea gerencie a quantidade de luz no interior de sua casa da forma que desejar.<\/p>\n\n\n\n<p>Elas evitam a entrada de uma luminosidade intensa ou ofuscante. Al\u00e9m disso, elas deixam a temperatura local mais amena, principalmente em dias de calor.<\/p>\n\n\n\n<p>Portanto, as cortinas altas com 3 metros de altura criam uma suavidade natural que torna o ambiente muito mais acolhedor.<\/p>\n\n\n\n<p>O tipo de tecido e a textura tamb\u00e9m s\u00e3o elementos que influenciam nesse controle de luz.<\/p>\n\n\n\n<figure class=\"wp-block-image size-large\"><img decoding=\"async\" loading=\"lazy\" width=\"800\" height=\"800\" src=\"https:\/\/blog.cortinacortina.com.br\/wp-content\/uploads\/2021\/06\/duplex.jpg\" alt=\"\" class=\"wp-image-98\" srcset=\"https:\/\/blog.cortinacortina.com.br\/wp-content\/uploads\/2021\/06\/duplex.jpg 800w, https:\/\/blog.cortinacortina.com.br\/wp-content\/uploads\/2021\/06\/duplex-300x300.jpg 300w, https:\/\/blog.cortinacortina.com.br\/wp-content\/uploads\/2021\/06\/duplex-150x150.jpg 150w, https:\/\/blog.cortinacortina.com.br\/wp-content\/uploads\/2021\/06\/duplex-768x768.jpg 768w, https:\/\/blog.cortinacortina.com.br\/wp-content\/uploads\/2021\/06\/duplex-350x350.jpg 350w, https:\/\/blog.cortinacortina.com.br\/wp-content\/uploads\/2021\/06\/duplex-560x560.jpg 560w\" sizes=\"(max-width: 800px) 100vw, 800px\" \/><\/figure>\n\n\n\n<figure class=\"wp-block-image size-large\"><img decoding=\"async\" loading=\"lazy\" width=\"800\" height=\"800\" src=\"https:\/\/blog.cortinacortina.com.br\/wp-content\/uploads\/2021\/06\/pratika.jpg\" alt=\"\" class=\"wp-image-99\" srcset=\"https:\/\/blog.cortinacortina.com.br\/wp-content\/uploads\/2021\/06\/pratika.jpg 800w, https:\/\/blog.cortinacortina.com.br\/wp-content\/uploads\/2021\/06\/pratika-300x300.jpg 300w, https:\/\/blog.cortinacortina.com.br\/wp-content\/uploads\/2021\/06\/pratika-150x150.jpg 150w, https:\/\/blog.cortinacortina.com.br\/wp-content\/uploads\/2021\/06\/pratika-768x768.jpg 768w, https:\/\/blog.cortinacortina.com.br\/wp-content\/uploads\/2021\/06\/pratika-350x350.jpg 350w, https:\/\/blog.cortinacortina.com.br\/wp-content\/uploads\/2021\/06\/pratika-560x560.jpg 560w\" sizes=\"(max-width: 800px) 100vw, 800px\" \/><\/figure>\n\n\n\n<h3 class=\"wp-block-heading\">Privacidade<\/h3>\n\n\n\n<p>Outro ponto importante \u00e9 que as cortinas s\u00e3o essenciais para manter a privacidade no lar. Elas evitam que sua casa fique totalmente aberta e exposta aos olhos de vizinhos ou de curiosos.<\/p>\n\n\n\n<p>Isso, inclusive, contribui para uma maior seguran\u00e7a. Em c\u00f4modos como a sala de estar ou o quarto, essa privacidade \u00e9 um pr\u00e9-requisito para que voc\u00ea se sinta bem e confort\u00e1vel dentro da casa ou do apartamento.<\/p>\n\n\n\n<h3 class=\"wp-block-heading\">Prote\u00e7\u00e3o de m\u00f3veis e utens\u00edlios<\/h3>\n\n\n\n<p>Uma outra vantagem das cortinas altas \u00e9 que elas protegem seus m\u00f3veis e utens\u00edlios. Ao criar uma barreira para a entrada de luz direta, isso impede o desgaste natural desses objetos que comp\u00f5em a decora\u00e7\u00e3o.<\/p>\n\n\n\n<p>Isso vale para arm\u00e1rios, c\u00f4modas e estantes de madeira, bem como para objetos como o sof\u00e1, que podem perder a cor natural se houver contato muito constante com a luz solar.&nbsp;<\/p>\n\n\n\n<h3 class=\"wp-block-heading\">Flexibilidade<\/h3>\n\n\n\n<p>Outra vantagem das cortinas altas com 3 metros de altura \u00e9 a flexibilidade. E existem diferentes tipos de cortinas para os mais diversos gostos &#8211; transparentes, semi-transparentes, opacas, finas ou grossas.<\/p>\n\n\n\n<p>Elas s\u00e3o f\u00e1ceis de manusear e voc\u00ea pode troc\u00e1-las facilmente quando julgar necess\u00e1rio.<\/p>\n\n\n\n<p>Se quiser que sua casa tenha um novo visual, basta trocar as cortinas e voc\u00ea consegue um belo efeito.<\/p>\n\n\n\n<h3 class=\"wp-block-heading\">Alta durabilidade<\/h3>\n\n\n\n<p>Um benef\u00edcio que vale a pena mencionar tamb\u00e9m \u00e9 que as cortinas altas de nossa loja duram muito tempo. Fazendo uma <a href=\"https:\/\/blog.cortinacortina.com.br\/?p=65\">manuten\u00e7\u00e3o adequada<\/a>, voc\u00ea pode utiliz\u00e1-la por muitos anos sem que haja necessidade de troc\u00e1-la por outra frequentemente.<\/p>\n\n\n\n<h2 class=\"wp-block-heading\">Exemplos de cortinas altas com 3 metros de altura<\/h2>\n\n\n\n<h3 class=\"wp-block-heading\"><a href=\"https:\/\/www.cortinacortina.com.br\/cortina-paris-com-forro-4-20x3-00m-branco-anatex\">Cortina Paris com Forro Branco &#8211; Anatex<\/a><\/h3>\n\n\n\n<p>Essa cortina \u00e9 discreta e, ao mesmo tempo, muito elegante. Ela \u00e9 amplamente utilizada para cobrir janelas grandes ou portas de correr de vidro. Tem uma transpar\u00eancia delicada e voc\u00ea pode manuse\u00e1-la com facilidade.<\/p>\n\n\n\n<figure class=\"wp-block-image size-large\"><img decoding=\"async\" loading=\"lazy\" width=\"717\" height=\"1024\" src=\"https:\/\/blog.cortinacortina.com.br\/wp-content\/uploads\/2021\/06\/11-Paris-717x1024.jpg\" alt=\"\" class=\"wp-image-100\" srcset=\"https:\/\/blog.cortinacortina.com.br\/wp-content\/uploads\/2021\/06\/11-Paris-717x1024.jpg 717w, https:\/\/blog.cortinacortina.com.br\/wp-content\/uploads\/2021\/06\/11-Paris-210x300.jpg 210w, https:\/\/blog.cortinacortina.com.br\/wp-content\/uploads\/2021\/06\/11-Paris-768x1097.jpg 768w, https:\/\/blog.cortinacortina.com.br\/wp-content\/uploads\/2021\/06\/11-Paris-350x500.jpg 350w, https:\/\/blog.cortinacortina.com.br\/wp-content\/uploads\/2021\/06\/11-Paris-800x1143.jpg 800w, https:\/\/blog.cortinacortina.com.br\/wp-content\/uploads\/2021\/06\/11-Paris.jpg 1050w\" sizes=\"(max-width: 717px) 100vw, 717px\" \/><\/figure>\n\n\n\n<h3 class=\"wp-block-heading\"><a href=\"https:\/\/www.cortinacortina.com.br\/cortina-blackout-corta-luz-plastico-pvc-trilho-2-80x2-80m-brancobranco-marka-textil\">Cortina Blecaute &#8211; Marka Textil<\/a><\/h3>\n\n\n\n<p>As cortinas altas com 3 metros de altura com blecaute s\u00e3o perfeitas para decorar o quarto. Como ela impede a entrada da luz, voc\u00ea pode dormir tranquilamente a qualquer hora do dia sem ser incomodado pela luminosidade.<\/p>\n\n\n\n<figure class=\"wp-block-image size-large\"><img decoding=\"async\" loading=\"lazy\" width=\"721\" height=\"1024\" src=\"https:\/\/blog.cortinacortina.com.br\/wp-content\/uploads\/2021\/06\/Cortina-trilho-marka-textil-branca-721x1024.jpg\" alt=\"\" class=\"wp-image-101\" srcset=\"https:\/\/blog.cortinacortina.com.br\/wp-content\/uploads\/2021\/06\/Cortina-trilho-marka-textil-branca-721x1024.jpg 721w, https:\/\/blog.cortinacortina.com.br\/wp-content\/uploads\/2021\/06\/Cortina-trilho-marka-textil-branca-211x300.jpg 211w, https:\/\/blog.cortinacortina.com.br\/wp-content\/uploads\/2021\/06\/Cortina-trilho-marka-textil-branca-768x1091.jpg 768w, https:\/\/blog.cortinacortina.com.br\/wp-content\/uploads\/2021\/06\/Cortina-trilho-marka-textil-branca-350x497.jpg 350w, https:\/\/blog.cortinacortina.com.br\/wp-content\/uploads\/2021\/06\/Cortina-trilho-marka-textil-branca-800x1136.jpg 800w, https:\/\/blog.cortinacortina.com.br\/wp-content\/uploads\/2021\/06\/Cortina-trilho-marka-textil-branca.jpg 1000w\" sizes=\"(max-width: 721px) 100vw, 721px\" \/><\/figure>\n\n\n\n<h3 class=\"wp-block-heading\"><a href=\"https:\/\/www.cortinacortina.com.br\/cortina-inove-duplex-monaco-para-trilho-suisso-5-40-x-3-00m-areia-bella-janela\">Cortina Inove Duplex M\u00f4naco &#8211; Bella Janela<\/a><\/h3>\n\n\n\n<p>Essa cortina tem um trilho com menor franzimento. \u00c9 bem delicada e eleva o padr\u00e3o da sua sala para um n\u00edvel sem igual e de bom gosto. A cor areia \u00e9 neutra e combina bem com diferentes elementos do espa\u00e7o.<\/p>\n\n\n\n<figure class=\"wp-block-image size-large\"><img decoding=\"async\" loading=\"lazy\" width=\"1024\" height=\"768\" src=\"https:\/\/blog.cortinacortina.com.br\/wp-content\/uploads\/2021\/06\/Inove-Monaco-Branco-1024x768.jpg\" alt=\"\" class=\"wp-image-102\" srcset=\"https:\/\/blog.cortinacortina.com.br\/wp-content\/uploads\/2021\/06\/Inove-Monaco-Branco-1024x768.jpg 1024w, https:\/\/blog.cortinacortina.com.br\/wp-content\/uploads\/2021\/06\/Inove-Monaco-Branco-300x225.jpg 300w, https:\/\/blog.cortinacortina.com.br\/wp-content\/uploads\/2021\/06\/Inove-Monaco-Branco-768x576.jpg 768w, https:\/\/blog.cortinacortina.com.br\/wp-content\/uploads\/2021\/06\/Inove-Monaco-Branco-350x263.jpg 350w, https:\/\/blog.cortinacortina.com.br\/wp-content\/uploads\/2021\/06\/Inove-Monaco-Branco-800x600.jpg 800w, https:\/\/blog.cortinacortina.com.br\/wp-content\/uploads\/2021\/06\/Inove-Monaco-Branco-1200x900.jpg 1200w, https:\/\/blog.cortinacortina.com.br\/wp-content\/uploads\/2021\/06\/Inove-Monaco-Branco.jpg 1333w\" sizes=\"(max-width: 1024px) 100vw, 1024px\" \/><\/figure>\n\n\n\n<h3 class=\"wp-block-heading\"><a href=\"https:\/\/www.cortinacortina.com.br\/cortina-inove-duplex-bellini-para-trilho-suisso-5-40-x-3-00m-branco-bella-janela\">Cortina Inove Duplex Bellini &#8211; Bella Janela<\/a><\/h3>\n\n\n\n<p>J\u00e1 esse modelo tem trilho de maior franzimento. A cortina \u00e9 dividida em duas partes de 2,7 metros de largura cada. Ela \u00e9 semitransparente e traz leveza e serenidade ao ambiente.<\/p>\n\n\n\n<figure class=\"wp-block-image size-large\"><img decoding=\"async\" loading=\"lazy\" width=\"768\" height=\"857\" src=\"https:\/\/blog.cortinacortina.com.br\/wp-content\/uploads\/2021\/06\/Inove-Duplex-e-Pratika-Bellini.jpg\" alt=\"\" class=\"wp-image-103\" srcset=\"https:\/\/blog.cortinacortina.com.br\/wp-content\/uploads\/2021\/06\/Inove-Duplex-e-Pratika-Bellini.jpg 768w, https:\/\/blog.cortinacortina.com.br\/wp-content\/uploads\/2021\/06\/Inove-Duplex-e-Pratika-Bellini-269x300.jpg 269w, https:\/\/blog.cortinacortina.com.br\/wp-content\/uploads\/2021\/06\/Inove-Duplex-e-Pratika-Bellini-350x391.jpg 350w\" sizes=\"(max-width: 768px) 100vw, 768px\" \/><\/figure>\n\n\n\n<h3 class=\"wp-block-heading\"><a href=\"https:\/\/www.cortinacortina.com.br\/cortina-inove-corta-luz-de-tecido-para-trilho-suisso-4-20x3-00m-marfim-bella-janela\">Cortina Inove Corta Luz &#8211; Bella Janela<\/a><\/h3>\n\n\n\n<p>Essa cortina na cor marfim tem uma textura que corta a luminosidade e traz bastante privacidade ao ambiente. H\u00e1 um modelo dela na cor branca tamb\u00e9m.<\/p>\n\n\n\n<p>Entre as cortinas altas com 3 metros de altura, essa pode ser usada em quartos, salas ou escrit\u00f3rios. Combina bem com uma <a href=\"https:\/\/blog.cortinacortina.com.br\/?p=21\">decora\u00e7\u00e3o moderna<\/a> ou contempor\u00e2nea.<\/p>\n\n\n\n<figure class=\"wp-block-image size-large\"><img decoding=\"async\" loading=\"lazy\" width=\"1000\" height=\"1000\" src=\"https:\/\/blog.cortinacortina.com.br\/wp-content\/uploads\/2021\/06\/Inove-Corta-Luz-Tecido-Marfim.jpg\" alt=\"\" class=\"wp-image-104\" srcset=\"https:\/\/blog.cortinacortina.com.br\/wp-content\/uploads\/2021\/06\/Inove-Corta-Luz-Tecido-Marfim.jpg 1000w, https:\/\/blog.cortinacortina.com.br\/wp-content\/uploads\/2021\/06\/Inove-Corta-Luz-Tecido-Marfim-300x300.jpg 300w, https:\/\/blog.cortinacortina.com.br\/wp-content\/uploads\/2021\/06\/Inove-Corta-Luz-Tecido-Marfim-150x150.jpg 150w, https:\/\/blog.cortinacortina.com.br\/wp-content\/uploads\/2021\/06\/Inove-Corta-Luz-Tecido-Marfim-768x768.jpg 768w, https:\/\/blog.cortinacortina.com.br\/wp-content\/uploads\/2021\/06\/Inove-Corta-Luz-Tecido-Marfim-350x350.jpg 350w, https:\/\/blog.cortinacortina.com.br\/wp-content\/uploads\/2021\/06\/Inove-Corta-Luz-Tecido-Marfim-800x800.jpg 800w, https:\/\/blog.cortinacortina.com.br\/wp-content\/uploads\/2021\/06\/Inove-Corta-Luz-Tecido-Marfim-560x560.jpg 560w\" sizes=\"(max-width: 1000px) 100vw, 1000px\" \/><\/figure>\n\n\n\n<h3 class=\"wp-block-heading\"><a href=\"https:\/\/www.cortinacortina.com.br\/corta-luz-tecido-inove-comfort-420x300-off-white-bella-janela\">Cortina Inove Corta Luz de Tecido Comfort &#8211; Bella Janela<\/a><\/h3>\n\n\n\n<p>Este modelo \u00e9 lav\u00e1vel e possui veda\u00e7\u00e3o total. A largura \u00e9 de 4,2 metros, dividida em duas partes. A cor off white \u00e9 ideal para equilibrar diferentes tonalidades de cores nos elementos que integram os c\u00f4modos.<\/p>\n\n\n\n<h3 class=\"wp-block-heading\"><a href=\"https:\/\/www.cortinacortina.com.br\/cortina-inove-chiffon-para-trilho-suisso-5-40-x-3-00m-taupe-cor-900-bella-janela\">Cortina Inove Chiffon &#8211; Bella Janela<\/a><\/h3>\n\n\n\n<p>Este modelo \u00e9 bem gracioso. O tecido tem uma transpar\u00eancia que permite a entrada sutil de luz, de modo que voc\u00ea possa aproveitar a luz do dia sem que a luminosidade seja inc\u00f4moda. A cortina est\u00e1 dispon\u00edvel nas cores taupe, marfim, alum\u00ednio e branca.<\/p>\n\n\n\n<figure class=\"wp-block-image size-large\"><img decoding=\"async\" loading=\"lazy\" width=\"1000\" height=\"1000\" src=\"https:\/\/blog.cortinacortina.com.br\/wp-content\/uploads\/2021\/06\/a3.jpg\" alt=\"\" class=\"wp-image-105\" srcset=\"https:\/\/blog.cortinacortina.com.br\/wp-content\/uploads\/2021\/06\/a3.jpg 1000w, https:\/\/blog.cortinacortina.com.br\/wp-content\/uploads\/2021\/06\/a3-300x300.jpg 300w, https:\/\/blog.cortinacortina.com.br\/wp-content\/uploads\/2021\/06\/a3-150x150.jpg 150w, https:\/\/blog.cortinacortina.com.br\/wp-content\/uploads\/2021\/06\/a3-768x768.jpg 768w, https:\/\/blog.cortinacortina.com.br\/wp-content\/uploads\/2021\/06\/a3-350x350.jpg 350w, https:\/\/blog.cortinacortina.com.br\/wp-content\/uploads\/2021\/06\/a3-800x800.jpg 800w, https:\/\/blog.cortinacortina.com.br\/wp-content\/uploads\/2021\/06\/a3-560x560.jpg 560w\" sizes=\"(max-width: 1000px) 100vw, 1000px\" \/><\/figure>\n\n\n\n<h2 class=\"wp-block-heading\">Cortinas altas com 3 metros de altura: Pre\u00e7o<\/h2>\n\n\n\n<p>Os pre\u00e7os das cortinas altas com 3 metros de altura variam entre R$ 119,90 a R$ 530,90. Isso vai depender, por exemplo, do material e da largura. A largura pode variar de 2,8 metros a 5,4 metros. Para ter mais detalhes do pre\u00e7o de cada cortina, <a href=\"https:\/\/www.cortinacortina.com.br\/altura\/3-00-metros\">clique aqui<\/a>.&nbsp; <\/p>\n\n\n\n<p>Ficou com alguma d\u00favida? Entre em contato conosco pelo Whatsapp em nosso site!<\/p>\n","protected":false},"excerpt":{"rendered":"<p>Est\u00e1 em busca de cortinas altas com 3 metros de altura? Ent\u00e3o voc\u00ea est\u00e1 no lugar certo, porque vamos ajud\u00e1-lo a fazer a melhor escolha para que a decora\u00e7\u00e3o da sua casa seja refinada e com alto estilo. As cortinas trazem beleza e conforto ao ambiente, al\u00e9m de adornar as janelas e de trazer flexibilidade [&hellip;]<\/p>\n","protected":false},"author":2,"featured_media":100,"comment_status":"open","ping_status":"open","sticky":false,"template":"","format":"standard","meta":{"footnotes":""},"categories":[9,5,7,1],"tags":[21,16,20,19],"acf":[],"_links":{"self":[{"href":"https:\/\/blog.cortinacortina.com.br\/index.php?rest_route=\/wp\/v2\/posts\/97"}],"collection":[{"href":"https:\/\/blog.cortinacortina.com.br\/index.php?rest_route=\/wp\/v2\/posts"}],"about":[{"href":"https:\/\/blog.cortinacortina.com.br\/index.php?rest_route=\/wp\/v2\/types\/post"}],"author":[{"embeddable":true,"href":"https:\/\/blog.cortinacortina.com.br\/index.php?rest_route=\/wp\/v2\/users\/2"}],"replies":[{"embeddable":true,"href":"https:\/\/blog.cortinacortina.com.br\/index.php?rest_route=%2Fwp%2Fv2%2Fcomments&post=97"}],"version-history":[{"count":3,"href":"https:\/\/blog.cortinacortina.com.br\/index.php?rest_route=\/wp\/v2\/posts\/97\/revisions"}],"predecessor-version":[{"id":109,"href":"https:\/\/blog.cortinacortina.com.br\/index.php?rest_route=\/wp\/v2\/posts\/97\/revisions\/109"}],"wp:featuredmedia":[{"embeddable":true,"href":"https:\/\/blog.cortinacortina.com.br\/index.php?rest_route=\/wp\/v2\/media\/100"}],"wp:attachment":[{"href":"https:\/\/blog.cortinacortina.com.br\/index.php?rest_route=%2Fwp%2Fv2%2Fmedia&parent=97"}],"wp:term":[{"taxonomy":"category","embeddable":true,"href":"https:\/\/blog.cortinacortina.com.br\/index.php?rest_route=%2Fwp%2Fv2%2Fcategories&post=97"},{"taxonomy":"post_tag","embeddable":true,"href":"https:\/\/blog.cortinacortina.com.br\/index.php?rest_route=%2Fwp%2Fv2%2Ftags&post=97"}],"curies":[{"name":"wp","href":"https:\/\/api.w.org\/{rel}","templated":true}]}}